{"id":46,"date":"2024-01-07T15:47:37","date_gmt":"2024-01-07T14:47:37","guid":{"rendered":"https:\/\/centreaeredubeaujolais.fr\/?p=46"},"modified":"2026-01-07T12:09:30","modified_gmt":"2026-01-07T11:09:30","slug":"les-modalites-dinscription","status":"publish","type":"post","link":"https:\/\/lesptitsreneimois.fr\/index.php\/2024\/01\/07\/les-modalites-dinscription\/","title":{"rendered":"Les modalit\u00e9s d&rsquo;inscription"},"content":{"rendered":"\n<h2 class=\"wp-block-heading\">Les documents obligatoires aux inscriptions<\/h2>\n\n\n\n<p>Les inscriptions ne se font que lors des permanences pr\u00e9vues \u00e0<br>cet effet au <a href=\"https:\/\/maps.app.goo.gl\/8YKV5oiC3mcaNwnX9\" target=\"_blank\" rel=\"noreferrer noopener\">P\u00f4le associatif<\/a> . Les dates des permanences sont<br>communiqu\u00e9es via la page <a href=\"https:\/\/www.facebook.com\/CentreAereBeaujolais\/\" target=\"_blank\" rel=\"noreferrer noopener\">Facebook<\/a> du centre de loisirs et sur le site internet \u00ab <a href=\"https:\/\/centreaeredubeaujolais.fr\/index.php\/2024\/01\/07\/calendrier-des-permanences\/\" target=\"_blank\" rel=\"noreferrer noopener\">Calendrier des permanences<\/a> \u00bb.<\/p>\n\n\n\n<p>Lors des permanences, il vous sera demand\u00e9 plusieurs documents afin de valider et de confirmer l&rsquo;inscription : <\/p>\n\n\n\n<ul class=\"wp-block-list\">\n<li><a href=\"http:\/\/centreaeredubeaujolais.fr\/wp-content\/uploads\/2024\/01\/@FICHE_RENSEIGNEMENT-1.pdf\" target=\"_blank\" rel=\"noreferrer noopener\">La fiche Renseignements<\/a><\/li>\n\n\n\n<li><a href=\"http:\/\/centreaeredubeaujolais.fr\/wp-content\/uploads\/2024\/02\/@COMPLEMENTS_INSCRIPTIONS-1.pdf\" target=\"_blank\" rel=\"noreferrer noopener\">La fiche Compl\u00e9ments<\/a><\/li>\n\n\n\n<li>Une attestation d&rsquo;assurance scolaire<\/li>\n\n\n\n<li>La copie imprim\u00e9e des vaccins<\/li>\n\n\n\n<li>Une attestation CAF, MSA ou autre<\/li>\n\n\n\n<li>Un PAI s&rsquo;il y a<\/li>\n\n\n\n<li>Un justificatif de domicile<\/li>\n\n\n\n<li><a href=\"http:\/\/lesptitsreneimois.fr\/wp-content\/uploads\/2025\/06\/Fiche-adhesion-FEM_2025-26-1.pdf\" target=\"_blank\" rel=\"noreferrer noopener\">La fiche d&rsquo;adh\u00e9sion \u00e0 \u00ab\u00a0Familles en mouvement\u00a0\u00bb<\/a><\/li>\n\n\n\n<li><a href=\"http:\/\/lesptitsreneimois.fr\/wp-content\/uploads\/2025\/06\/Reglement-interieur-Association-Les-Ptits-Reneimois-2025-2026-1.pdf\" data-type=\"link\" data-id=\"http:\/\/lesptitsreneimois.fr\/wp-content\/uploads\/2025\/06\/Reglement-interieur-Association-Les-Ptits-Reneimois-2025-2026-1.pdf\" target=\"_blank\" rel=\"noreferrer noopener\">R\u00e8glement int\u00e9rieur<\/a><\/li>\n<\/ul>\n\n\n\n<p>Tous ces documents sont t\u00e9l\u00e9chargeables et sont \u00e0 apporter lors de la <strong>premi\u00e8re inscription<\/strong> de votre enfant, lors des suivantes, vous n&rsquo;aurez besoin d&rsquo;aucun document<\/p>\n\n\n\n<p>L&rsquo;adh\u00e9sion \u00e0 \u00ab\u00a0<strong><mark style=\"background-color:rgba(0, 0, 0, 0)\" class=\"has-inline-color has-accent-color\">Familles en mouvem<\/mark><\/strong><mark style=\"background-color:rgba(0, 0, 0, 0)\" class=\"has-inline-color has-accent-color\"><strong>ent<\/strong><\/mark>\u00a0\u00bb est obligatoire. Le r\u00e8glement de 25 \u20ac se fait par ch\u00e8que s\u00e9par\u00e9, et ne se r\u00e8gle qu&rsquo;une fois par an et par famille. a l&rsquo;ordre de l&rsquo;association des familles de Saint Georges de Reneins.<\/p>\n\n\n\n<p>Le r\u00e8glement (hors adh\u00e9sion \u00e0 \u00ab\u00a0Famille en mouvement\u00a0\u00bb), peut se faire par ch\u00e8que(\u00e0 l&rsquo;ordre de l&rsquo;association des familles de Saint Georges de Reneins), par CESU ou ch\u00e8ques vacances. Une d\u00e9duction est possible en fonction de votre lieu d&rsquo;habitation <\/p>\n\n\n\n<p><strong>Cette inscription compl\u00e8te ne se fait qu&rsquo;une fois par ann\u00e9e scolaire, du 1er septembre au 31 ao\u00fbt de l&rsquo;ann\u00e9e suivante <\/strong>!<\/p>\n\n\n\n<p><strong>TOUTE INSCRIPTION EST DEFINITIVE<\/strong>. En cas d&rsquo;annulation un quart du montant total sera encaiss\u00e9 afin de r\u00e9gler les frais d\u00e9j\u00e0 engag\u00e9s par le centre a\u00e9r\u00e9 pour la p\u00e9riode.<\/p>\n","protected":false},"excerpt":{"rendered":"<p>Les documents obligatoires aux inscriptions Les inscriptions ne se font que lors des permanences pr\u00e9vues \u00e0cet effet au P\u00f4le associatif . Les dates des permanences sontcommuniqu\u00e9es via la page Facebook [&hellip;]<\/p>\n","protected":false},"author":1,"featured_media":0,"comment_status":"closed","ping_status":"open","sticky":false,"template":"","format":"standard","meta":{"footnotes":""},"categories":[1],"tags":[],"class_list":["post-46","post","type-post","status-publish","format-standard","hentry","category-non-classe"],"_links":{"self":[{"href":"https:\/\/lesptitsreneimois.fr\/index.php\/wp-json\/wp\/v2\/posts\/46","targetHints":{"allow":["GET"]}}],"collection":[{"href":"https:\/\/lesptitsreneimois.fr\/index.php\/wp-json\/wp\/v2\/posts"}],"about":[{"href":"https:\/\/lesptitsreneimois.fr\/index.php\/wp-json\/wp\/v2\/types\/post"}],"author":[{"embeddable":true,"href":"https:\/\/lesptitsreneimois.fr\/index.php\/wp-json\/wp\/v2\/users\/1"}],"replies":[{"embeddable":true,"href":"https:\/\/lesptitsreneimois.fr\/index.php\/wp-json\/wp\/v2\/comments?post=46"}],"version-history":[{"count":26,"href":"https:\/\/lesptitsreneimois.fr\/index.php\/wp-json\/wp\/v2\/posts\/46\/revisions"}],"predecessor-version":[{"id":571,"href":"https:\/\/lesptitsreneimois.fr\/index.php\/wp-json\/wp\/v2\/posts\/46\/revisions\/571"}],"wp:attachment":[{"href":"https:\/\/lesptitsreneimois.fr\/index.php\/wp-json\/wp\/v2\/media?parent=46"}],"wp:term":[{"taxonomy":"category","embeddable":true,"href":"https:\/\/lesptitsreneimois.fr\/index.php\/wp-json\/wp\/v2\/categories?post=46"},{"taxonomy":"post_tag","embeddable":true,"href":"https:\/\/lesptitsreneimois.fr\/index.php\/wp-json\/wp\/v2\/tags?post=46"}],"curies":[{"name":"wp","href":"https:\/\/api.w.org\/{rel}","templated":true}]}}